[{"@context":"https:\/\/schema.org\/","@type":"Article","@id":"https:\/\/www.ceskytucnak.cz\/zrcadlo-povez-kdo-je-nejkrasnejsi\/#Article","mainEntityOfPage":"https:\/\/www.ceskytucnak.cz\/zrcadlo-povez-kdo-je-nejkrasnejsi\/","headline":"Zrcadlo pov\u011bz, kdo je nejkr\u00e1sn\u011bj\u0161\u00ed","name":"Zrcadlo pov\u011bz, kdo je nejkr\u00e1sn\u011bj\u0161\u00ed","description":"Pokud si mysl\u00edte, \u017ee emancipace je pouze \u017eensk\u00e1 z\u00e1le\u017eitost, ve kter\u00e9 jde \u017een\u00e1m o to, dostat se na pozice mu\u017e\u016f a vyrovnat se jim, jste na omylu. Jsou i z\u00e1le\u017eitosti, kter\u00e9 jsou z historick\u00e9ho hlediska pouze \u017eensk\u00e9 a sna\u017e\u00ed se do nich protla\u010dit mu\u017ei. Jednou z nich je i volba...","datePublished":"2016-10-13","dateModified":"2023-04-28","author":{"@type":"Person","@id":"https:\/\/www.ceskytucnak.cz\/author\/#Person","name":"","url":"https:\/\/www.ceskytucnak.cz\/author\/","identifier":1,"image":{"@type":"ImageObject","@id":"https:\/\/secure.gravatar.com\/avatar\/4c6f4cec51e1a1b20d9361c6367b917eb8db239c023f88502d2833b745a358d4?s=96&d=mm&r=g","url":"https:\/\/secure.gravatar.com\/avatar\/4c6f4cec51e1a1b20d9361c6367b917eb8db239c023f88502d2833b745a358d4?s=96&d=mm&r=g","height":96,"width":96}},"publisher":{"@type":"Organization","name":"ceskytucnak.cz","logo":{"@type":"ImageObject","@id":"\/logo.png","url":"\/logo.png","width":600,"height":60}},"image":{"@type":"ImageObject","@id":"https:\/\/www.ceskytucnak.cz\/wp-content\/uploads\/img_a277961_w1784_t1601880936.jpg","url":"https:\/\/www.ceskytucnak.cz\/wp-content\/uploads\/img_a277961_w1784_t1601880936.jpg","height":0,"width":0},"url":"https:\/\/www.ceskytucnak.cz\/zrcadlo-povez-kdo-je-nejkrasnejsi\/","about":["Mu\u017ei"],"wordCount":402,"articleBody":"\tPokud si mysl\u00edte, \u017ee emancipace je pouze \u017eensk\u00e1 z\u00e1le\u017eitost, ve kter\u00e9 jde \u017een\u00e1m o to, dostat se na pozice mu\u017e\u016f a vyrovnat se jim, jste na omylu. Jsou i z\u00e1le\u017eitosti, kter\u00e9 jsou z historick\u00e9ho hlediska pouze \u017eensk\u00e9 a sna\u017e\u00ed se do nich protla\u010dit mu\u017ei. Jednou z nich je i volba kr\u00e1lovny kr\u00e1sy.\t\tNe, \u017ee by mu\u017ei cht\u011bli z\u00edskat p\u0159\u00edmo tento titul, ale sout\u011b\u017eit cht\u011bj\u00ed tak\u00e9. Tak vzniklo kl\u00e1n\u00ed o mu\u017ee roku. Nechyb\u00ed pochopiteln\u011b promen\u00e1da ve spodn\u00edm pr\u00e1dle a voln\u00e1 discipl\u00edna. V\u011bt\u0161inou se jedn\u00e1 o zp\u011bv, tanec anebo n\u011bjak\u00fd bojov\u00fd sport. My\u0161lenka se zrodila v Libanonu p\u0159ed deseti lety a od t\u00e9 doby je st\u00e1le popul\u00e1rn\u011bj\u0161\u00ed. Tady ov\u0161em nejde jen o prvopl\u00e1novou kr\u00e1su, kter\u00e1 je u mu\u017ee h\u016f\u0159e definovateln\u00e1 ne\u017eli u \u017een.\tMu\u017e mus\u00ed m\u00edt charismaDokladem toho jsou nap\u0159\u00edklad\u00b7\u00a0\u00a0\u00a0\u00a0\u00a0\u00a0\u00a0 francouzsk\u00fd herec Jean-Paul Belmondo\u00b7\u00a0\u00a0\u00a0\u00a0\u00a0\u00a0\u00a0 americk\u00fd herec a re\u017eis\u00e9r Clint Eastwood\u00b7\u00a0\u00a0\u00a0\u00a0\u00a0\u00a0\u00a0 \u010desk\u00fd herec Boris R\u00f6sner.P\u0159ipadaj\u00ed nebo p\u0159ipadali V\u00e1m kr\u00e1sn\u00ed?Dozajista ne. A p\u0159esto se mnoh\u00e9 \u017een\u011b p\u0159i jejich spat\u0159en\u00ed podlomila kolena. Je to prost\u011b n\u011bco uvnit\u0159, co z nich vyza\u0159uje. K uveden\u00e9mu charisma ur\u010dit\u011b velice p\u0159isp\u00edv\u00e1 i nezbytn\u00fd smysl pro humor, p\u0159\u00edjemn\u00fd hlas a nezbytn\u00e9 sebev\u011bdom\u00ed. Na tomto ur\u010dit\u011b stoj\u00ed i zm\u00edn\u011bn\u00e1 p\u00e1nsk\u00e1 sout\u011b\u017e.Mu\u017e roku m\u016f\u017ee, tak jako d\u00edvka, kter\u00e1 zabodovala na Miss, prorazit ve sv\u011bt\u011b modelingu nebo showbusinessu. V\u00fdt\u011b\u017eek jde v\u011bt\u0161inou na charitu. Tak jako nap\u0159\u00edklad v\u00a0roce 2016, kdy pen\u00edze pomohly na rehabilitaci b\u00fdval\u00e9mu mu\u017ei roku, Martinu Zachovi, kter\u00fd je po v\u00e1\u017en\u00e9m \u00farazu.Podm\u00ednkami p\u0159ijet\u00ed do sout\u011b\u017ee jsouo\u00a0\u00a0 v\u011bk od dvaceti do dev\u011btadvaceti let\u00a0o\u00a0\u00a0 nesm\u00ed m\u00edt zku\u0161enosti s nat\u00e1\u010den\u00edm porna.Dal\u0161\u00ed podm\u00ednkou je i to, \u017ee se nesm\u011bl nikdy fotit nah\u00fd. Proto maminky pozor! Pokud si mysl\u00edte, \u017ee z Va\u0161eho syna roste charismatick\u00fd krasavec, kter\u00fd to jednou v\u0161em na sout\u011b\u017ei nand\u00e1, d\u00e1vejte mu na p\u00edskovi\u0161t\u011b a do baz\u00e9nku rad\u011bji trenky. Aby V\u00e1m jednou nevy\u010d\u00edtal, \u017ee jste mu zkazily budoucnost.                                                                                                                                                                                                                                                                                                                                                                                        4.7\/5 - (4 votes)        "},{"@context":"https:\/\/schema.org\/","@type":"BreadcrumbList","itemListElement":[{"@type":"ListItem","position":1,"name":"Zrcadlo pov\u011bz, kdo je nejkr\u00e1sn\u011bj\u0161\u00ed","item":"https:\/\/www.ceskytucnak.cz\/zrcadlo-povez-kdo-je-nejkrasnejsi\/#breadcrumbitem"}]}]