[{"@context":"https:\/\/schema.org\/","@type":"Article","@id":"https:\/\/www.ceskytucnak.cz\/vacsi-satnik-ako-mama\/#Article","mainEntityOfPage":"https:\/\/www.ceskytucnak.cz\/vacsi-satnik-ako-mama\/","headline":"V\u00e4\u010d\u0161\u00ed \u0161atn\u00edk ako mama?","name":"V\u00e4\u010d\u0161\u00ed \u0161atn\u00edk ako mama?","description":"Niekto by si pomyslel, \u017ee sa mal\u00e9 diev\u010datk\u00e1 bud\u00fa e\u0161te len pripravova\u0165 na to, ako s cel\u00fdm svojim \u0161atn\u00edkom obsadia polovicu izby. Mal\u00e9 tel\u00ed\u010dko znamen\u00e1 men\u0161ie oble\u010denie a aj menej potrebn\u00e9ho miesta? To dnes u\u017e pri mlad\u00fdch par\u00e1dniciach v\u00f4bec neplat\u00ed! A nejde iba o diev\u010dat\u00e1, ktor\u00e9 sa rady obliekaj\u00fa. Aj...","datePublished":"2024-12-29","dateModified":"2024-12-29","author":{"@type":"Person","@id":"https:\/\/www.ceskytucnak.cz\/author\/#Person","name":"","url":"https:\/\/www.ceskytucnak.cz\/author\/","identifier":1,"image":{"@type":"ImageObject","@id":"https:\/\/secure.gravatar.com\/avatar\/4c6f4cec51e1a1b20d9361c6367b917eb8db239c023f88502d2833b745a358d4?s=96&d=mm&r=g","url":"https:\/\/secure.gravatar.com\/avatar\/4c6f4cec51e1a1b20d9361c6367b917eb8db239c023f88502d2833b745a358d4?s=96&d=mm&r=g","height":96,"width":96}},"publisher":{"@type":"Organization","name":"ceskytucnak.cz","logo":{"@type":"ImageObject","@id":"\/logo.png","url":"\/logo.png","width":600,"height":60}},"url":"https:\/\/www.ceskytucnak.cz\/vacsi-satnik-ako-mama\/","wordCount":249,"articleBody":" Niekto by si pomyslel, \u017ee sa mal\u00e9 diev\u010datk\u00e1 bud\u00fa e\u0161te len pripravova\u0165 na to, ako s cel\u00fdm svojim \u0161atn\u00edkom obsadia polovicu izby. Mal\u00e9 tel\u00ed\u010dko znamen\u00e1 men\u0161ie oble\u010denie a aj menej potrebn\u00e9ho miesta? To dnes u\u017e pri mlad\u00fdch par\u00e1dniciach v\u00f4bec neplat\u00ed! A nejde iba o diev\u010dat\u00e1, ktor\u00e9 sa rady obliekaj\u00fa. Aj chlapci maj\u00fa u\u017e v pomerne mladom veku slu\u0161n\u00fa zbierku nielen oble\u010denia, ale aj top\u00e1nok, ktor\u00e9 im zaber\u00fa v\u00fdznamn\u00fa \u010das\u0165 z izby. Detske skrine preto u\u017e ani n\u00e1hodou nemusia mal\u00e9 ratolesti pripom\u00edna\u0165 ve\u013ekos\u0165ou. U\u017e z praktick\u00e9ho h\u013eadiska a pou\u017eitia \u010do najviac do bud\u00facnosti sa oplat\u00ed kupova\u0165 komody a skrine, ktor\u00e9 sa ve\u013ekos\u0165ou od t\u00fdch \u201epre dospel\u00fdch\u201c ve\u013emi nel\u00ed\u0161ia. M\u00f4\u017eu by\u0165 dizajnovo zauj\u00edmav\u00e9, farebn\u00e9, ale ani n\u00e1hodou nie mal\u00e9. Mal\u00e1 sle\u010dna sa predsa nebude so \u0161atn\u00edkom deli\u0165 s mamou. Ka\u017ed\u00fd \u010dlen rodiny m\u00e1 svoje oble\u010denie a potrebuje na\u0148ho svoje miesto. Aj t\u00ed najmen\u0161\u00ed! A v\u00f4bec nie m\u00e1lo! Polovica detskej izby V ka\u017edej sp\u00e1lni to u\u017e tak b\u00fdva, \u017ee uskladnenie oble\u010denia zaberie zna\u010dn\u00fa \u010das\u0165 izby. \u0160kol\u00e1ci nie s\u00fa v\u00fdnimkou. Men\u0161\u00ed vzrast neznamen\u00e1 menej oble\u010denia. Podobne, ako s jeho cenou. Miesto na veci, ak je vhodne vybrat\u00e9, sa dlh\u00e9 roky nemus\u00ed zmeni\u0165. Ve\u013ek\u00fd \u0161atn\u00edk by mal ma\u0165 u\u017e aj \u0161kol\u00e1\u010dik.                                                                                                                                                                                                                                                                                                                                                                                        3.5\/5 - (2 votes)        "},{"@context":"https:\/\/schema.org\/","@type":"BreadcrumbList","itemListElement":[{"@type":"ListItem","position":1,"name":"V\u00e4\u010d\u0161\u00ed \u0161atn\u00edk ako mama?","item":"https:\/\/www.ceskytucnak.cz\/vacsi-satnik-ako-mama\/#breadcrumbitem"}]}]