[{"@context":"https:\/\/schema.org\/","@type":"Article","@id":"https:\/\/www.ceskytucnak.cz\/nebojte-se-tvorit-uklidni-vas-to\/#Article","mainEntityOfPage":"https:\/\/www.ceskytucnak.cz\/nebojte-se-tvorit-uklidni-vas-to\/","headline":"Nebojte se tvo\u0159it, uklidn\u00ed V\u00e1s to","name":"Nebojte se tvo\u0159it, uklidn\u00ed V\u00e1s to","description":"Tv\u016fr\u010d\u00ed \u010dinnost p\u0159edstavuje tak\u00e9 velmi v\u00fdznamn\u00fd psychoterapeutick\u00fd potenci\u00e1l. Mo\u017en\u00e1 i proto m\u00e1me tolik dom\u00e1c\u00edch kutil\u016f a kreativn\u00edch hospodyn\u011bk, kter\u00e9 zvl\u00e1daj\u00ed \u0161it\u00ed, pleten\u00ed \u010di pali\u010dkov\u00e1n\u00ed. Jsou lid\u00e9, kte\u0159\u00ed to tvo\u0159en\u00ed maj\u00ed nastaveno trochu jinak. R\u00e1di by se v\u011bnovali nap\u0159\u00edklad v\u00fdtvarn\u00e9 \u010dinnosti. Jedn\u00e1 se o kreativn\u00ed \u010dinnost a p\u0159itom se b\u00e1je\u010dn\u011b zkoncentruje...","datePublished":"2016-12-14","dateModified":"2023-04-28","author":{"@type":"Person","@id":"https:\/\/www.ceskytucnak.cz\/author\/#Person","name":"","url":"https:\/\/www.ceskytucnak.cz\/author\/","identifier":1,"image":{"@type":"ImageObject","@id":"https:\/\/secure.gravatar.com\/avatar\/4c6f4cec51e1a1b20d9361c6367b917eb8db239c023f88502d2833b745a358d4?s=96&d=mm&r=g","url":"https:\/\/secure.gravatar.com\/avatar\/4c6f4cec51e1a1b20d9361c6367b917eb8db239c023f88502d2833b745a358d4?s=96&d=mm&r=g","height":96,"width":96}},"publisher":{"@type":"Organization","name":"ceskytucnak.cz","logo":{"@type":"ImageObject","@id":"\/logo.png","url":"\/logo.png","width":600,"height":60}},"url":"https:\/\/www.ceskytucnak.cz\/nebojte-se-tvorit-uklidni-vas-to\/","about":["Mu\u017ei"],"wordCount":380,"articleBody":"Tv\u016fr\u010d\u00ed \u010dinnost p\u0159edstavuje tak\u00e9 velmi v\u00fdznamn\u00fd psychoterapeutick\u00fd potenci\u00e1l. Mo\u017en\u00e1 i proto m\u00e1me tolik dom\u00e1c\u00edch kutil\u016f a kreativn\u00edch hospodyn\u011bk, kter\u00e9 zvl\u00e1daj\u00ed \u0161it\u00ed, pleten\u00ed \u010di pali\u010dkov\u00e1n\u00ed. Jsou lid\u00e9, kte\u0159\u00ed to tvo\u0159en\u00ed maj\u00ed nastaveno trochu jinak. R\u00e1di by se v\u011bnovali nap\u0159\u00edklad v\u00fdtvarn\u00e9 \u010dinnosti. Jedn\u00e1 se o kreativn\u00ed \u010dinnost a p\u0159itom se b\u00e1je\u010dn\u011b zkoncentruje mysl.\u00a0\tL\u00e9\u010dba um\u011bn\u00edmL\u00e9\u010dba um\u011bn\u00edm prost\u0159ednictv\u00edm obrazu se jmenuje arterapie a v p\u0159enesen\u00e9m slova smyslu se jedn\u00e1 o l\u00e9\u010dbu um\u011bn\u00edm jako takov\u00fdm a do t\u00e9to skupiny pak m\u016f\u017eeme za\u0159adit dal\u0161\u00ed podkategorie jako nap\u0159\u00edklad muzikoterapie, dramaterapie, biblioterapie, tane\u010dn\u00ed terapie. V\u0161echny tyto terapeutick\u00e9 metody \u0159ad\u00edme mezi terapie expresivn\u00ed.My se ov\u0161em zam\u011b\u0159\u00edme na arterapii v tom u\u017e\u0161\u00edm slova smyslu. Prost\u0159ednictv\u00edm um\u011bn\u00ed je mo\u017en\u00e9 l\u00e9\u010dit \u0159adu pot\u00ed\u017e\u00ed somatick\u00fdch, psychick\u00fdch, st\u00e1v\u00e1 se pomocnou metodou nap\u0159\u00edklad p\u0159i zvl\u00e1d\u00e1n\u00ed ur\u010dit\u00fdch n\u00e1vyk\u016f. Mohli bychom ji rozd\u011blit na\t\tPasivn\u00ed \u2013 arterapeutick\u00fd rozm\u011br spo\u010d\u00edv\u00e1 ve studiu um\u011bleck\u00e9ho d\u00edla. Rozj\u00edm\u00e1n\u00ed nad obrazem m\u016f\u017ee b\u00fdt doprov\u00e1zeno p\u0159edn\u00e1\u0161kou, recitac\u00ed nebo hudebn\u00edm doprovodem.\t\tAktivn\u00ed\u2013 jedn\u00e1 se o aktivn\u00ed tv\u016fr\u010d\u00ed \u010dinnost, kdy doty\u010dn\u00fd vyu\u017e\u00edv\u00e1 kresbu, kol\u00e1\u017e nebo malbu. Jedn\u00e1 se o techniku, kter\u00e1 uklid\u0148uje, z\u00e1rove\u0148 je tv\u016fr\u010d\u00ed.\u00a0\tNebojte se j\u00edt do tohoPokud chcete, rozhodn\u011b se nebojte j\u00edt do toho. Mo\u017en\u00e1 neum\u00edte malovat, ale je tolik v\u00fdtvarn\u00fdch technik, kter\u00e9 umo\u017e\u0148uj\u00ed hudebn\u00ed sebevyj\u00e1d\u0159en\u00ed i lidem, kte\u0159\u00ed nemaj\u00ed v\u00fdtvarn\u00fd talent. Nap\u0159\u00edklad takov\u00e1 kol\u00e1\u017e je toho d\u016fkazem. M\u016f\u017eete nam\u00edtnout, \u017ee pom\u016fcky jsou velmi drah\u00e9, ale nen\u00ed tomu tak v\u017edy.V ur\u010dit\u00fdch diskontn\u00edch prodejn\u00e1ch lze tak\u0159ka za p\u00e1r korun nakoupit pl\u00e1tna, speci\u00e1ln\u00ed barvy a r\u016fzn\u00e9 dekora\u010dn\u00ed kam\u00ednky, kuli\u010dky, perli\u010dky a dal\u0161\u00ed. Celou \u0159adu vhodn\u00fdch v\u011bc\u00ed naleznete i ve vlastn\u00ed dom\u00e1cnosti. Pro za\u010d\u00e1tek se nechte inspirovat na internetu, \u010dasem za\u010dnete b\u00fdt sami kreativn\u00ed.                                                                                                                                                                                                                                                                                                                                                                                        4.2\/5 - (5 votes)        "},{"@context":"https:\/\/schema.org\/","@type":"BreadcrumbList","itemListElement":[{"@type":"ListItem","position":1,"name":"Nebojte se tvo\u0159it, uklidn\u00ed V\u00e1s to","item":"https:\/\/www.ceskytucnak.cz\/nebojte-se-tvorit-uklidni-vas-to\/#breadcrumbitem"}]}]