{"@context":"https:\/\/schema.org\/","@type":"CollectionPage","@id":"https:\/\/www.ceskytucnak.cz\/ekonomika\/#CollectionPage","headline":"Ekonomika Category","description":"","url":"https:\/\/www.ceskytucnak.cz\/ekonomika\/","hasPart":[{"@type":"Article","@id":"https:\/\/www.ceskytucnak.cz\/co-je-to-nebnakovni-hypoteka-a-jake-ma-vyhody\/","headline":"Co je to nebnakovn\u00ed hypot\u00e9ka a jak\u00e9 m\u00e1 v\u00fdhody","url":"https:\/\/www.ceskytucnak.cz\/co-je-to-nebnakovni-hypoteka-a-jake-ma-vyhody\/","datePublished":"2025-11-04","dateModified":"2025-11-04","mainEntityOfPage":"https:\/\/www.ceskytucnak.cz\/co-je-to-nebnakovni-hypoteka-a-jake-ma-vyhody\/","author":{"@type":"Person","@id":"https:\/\/www.ceskytucnak.cz\/author\/#Person","name":"","url":"https:\/\/www.ceskytucnak.cz\/author\/","identifier":1,"image":{"@type":"ImageObject","@id":"https:\/\/secure.gravatar.com\/avatar\/4c6f4cec51e1a1b20d9361c6367b917eb8db239c023f88502d2833b745a358d4?s=96&d=mm&r=g","url":"https:\/\/secure.gravatar.com\/avatar\/4c6f4cec51e1a1b20d9361c6367b917eb8db239c023f88502d2833b745a358d4?s=96&d=mm&r=g","height":96,"width":96}},"publisher":{"@type":"Organization","name":"ceskytucnak.cz","logo":{"@type":"ImageObject","@id":"\/logo.png","url":"\/logo.png","width":600,"height":60}},"image":{"@type":"ImageObject","@id":"https:\/\/www.ceskytucnak.cz\/wp-content\/uploads\/home-2409024_640.jpg","url":"https:\/\/www.ceskytucnak.cz\/wp-content\/uploads\/home-2409024_640.jpg","height":0,"width":0},"keywords":null},{"@type":"Article","@id":"https:\/\/www.ceskytucnak.cz\/podnikatelsky-uver-aneb-hypoteka-bez-registru\/","headline":"Podnikatelsk\u00fd \u00fav\u011br aneb hypot\u00e9ka bez registru","url":"https:\/\/www.ceskytucnak.cz\/podnikatelsky-uver-aneb-hypoteka-bez-registru\/","datePublished":"2020-10-24","dateModified":"2020-10-24","mainEntityOfPage":"https:\/\/www.ceskytucnak.cz\/podnikatelsky-uver-aneb-hypoteka-bez-registru\/","author":{"@type":"Person","@id":"https:\/\/www.ceskytucnak.cz\/author\/#Person","name":"","url":"https:\/\/www.ceskytucnak.cz\/author\/","identifier":1,"image":{"@type":"ImageObject","@id":"https:\/\/secure.gravatar.com\/avatar\/4c6f4cec51e1a1b20d9361c6367b917eb8db239c023f88502d2833b745a358d4?s=96&d=mm&r=g","url":"https:\/\/secure.gravatar.com\/avatar\/4c6f4cec51e1a1b20d9361c6367b917eb8db239c023f88502d2833b745a358d4?s=96&d=mm&r=g","height":96,"width":96}},"publisher":{"@type":"Organization","name":"ceskytucnak.cz","logo":{"@type":"ImageObject","@id":"\/logo.png","url":"\/logo.png","width":600,"height":60}},"image":{"@type":"ImageObject","@id":"https:\/\/www.ceskytucnak.cz\/wp-content\/uploads\/firma%20lid%C3%A9.jpeg","url":"https:\/\/www.ceskytucnak.cz\/wp-content\/uploads\/firma%20lid%C3%A9.jpeg","height":0,"width":0},"keywords":null},{"@type":"Article","@id":"https:\/\/www.ceskytucnak.cz\/otravne-cisteni-zaluzii\/","headline":"Otravn\u00e9 \u010di\u0161t\u011bn\u00ed \u017ealuzi\u00ed","url":"https:\/\/www.ceskytucnak.cz\/otravne-cisteni-zaluzii\/","datePublished":"2018-12-13","dateModified":"2023-04-28","mainEntityOfPage":"https:\/\/www.ceskytucnak.cz\/otravne-cisteni-zaluzii\/","author":{"@type":"Person","@id":"https:\/\/www.ceskytucnak.cz\/author\/#Person","name":"","url":"https:\/\/www.ceskytucnak.cz\/author\/","identifier":1,"image":{"@type":"ImageObject","@id":"https:\/\/secure.gravatar.com\/avatar\/4c6f4cec51e1a1b20d9361c6367b917eb8db239c023f88502d2833b745a358d4?s=96&d=mm&r=g","url":"https:\/\/secure.gravatar.com\/avatar\/4c6f4cec51e1a1b20d9361c6367b917eb8db239c023f88502d2833b745a358d4?s=96&d=mm&r=g","height":96,"width":96}},"publisher":{"@type":"Organization","name":"ceskytucnak.cz","logo":{"@type":"ImageObject","@id":"\/logo.png","url":"\/logo.png","width":600,"height":60}},"image":{"@type":"ImageObject","@id":"https:\/\/www.ceskytucnak.cz\/wp-content\/uploads\/img_a336818_w1784_t1550081000.jpg","url":"https:\/\/www.ceskytucnak.cz\/wp-content\/uploads\/img_a336818_w1784_t1550081000.jpg","height":0,"width":0},"keywords":null},{"@type":"Article","@id":"https:\/\/www.ceskytucnak.cz\/spolehnete-se-na-profesionaly\/","headline":"Spolehn\u011bte se na profesion\u00e1ly","url":"https:\/\/www.ceskytucnak.cz\/spolehnete-se-na-profesionaly\/","datePublished":"2018-07-17","dateModified":"2023-04-28","mainEntityOfPage":"https:\/\/www.ceskytucnak.cz\/spolehnete-se-na-profesionaly\/","author":{"@type":"Person","@id":"https:\/\/www.ceskytucnak.cz\/author\/#Person","name":"","url":"https:\/\/www.ceskytucnak.cz\/author\/","identifier":1,"image":{"@type":"ImageObject","@id":"https:\/\/secure.gravatar.com\/avatar\/4c6f4cec51e1a1b20d9361c6367b917eb8db239c023f88502d2833b745a358d4?s=96&d=mm&r=g","url":"https:\/\/secure.gravatar.com\/avatar\/4c6f4cec51e1a1b20d9361c6367b917eb8db239c023f88502d2833b745a358d4?s=96&d=mm&r=g","height":96,"width":96}},"publisher":{"@type":"Organization","name":"ceskytucnak.cz","logo":{"@type":"ImageObject","@id":"\/logo.png","url":"\/logo.png","width":600,"height":60}},"image":{"@type":"ImageObject","@id":"https:\/\/www.ceskytucnak.cz\/wp-content\/uploads\/img_a325335_w1784_t1537210664.jpg","url":"https:\/\/www.ceskytucnak.cz\/wp-content\/uploads\/img_a325335_w1784_t1537210664.jpg","height":0,"width":0},"keywords":null},{"@type":"Article","@id":"https:\/\/www.ceskytucnak.cz\/premyslejte-na-cem-spite\/","headline":"P\u0159em\u00fd\u0161lejte, na \u010dem sp\u00edte","url":"https:\/\/www.ceskytucnak.cz\/premyslejte-na-cem-spite\/","datePublished":"2018-05-31","dateModified":"2023-04-28","mainEntityOfPage":"https:\/\/www.ceskytucnak.cz\/premyslejte-na-cem-spite\/","author":{"@type":"Person","@id":"https:\/\/www.ceskytucnak.cz\/author\/#Person","name":"","url":"https:\/\/www.ceskytucnak.cz\/author\/","identifier":1,"image":{"@type":"ImageObject","@id":"https:\/\/secure.gravatar.com\/avatar\/4c6f4cec51e1a1b20d9361c6367b917eb8db239c023f88502d2833b745a358d4?s=96&d=mm&r=g","url":"https:\/\/secure.gravatar.com\/avatar\/4c6f4cec51e1a1b20d9361c6367b917eb8db239c023f88502d2833b745a358d4?s=96&d=mm&r=g","height":96,"width":96}},"publisher":{"@type":"Organization","name":"ceskytucnak.cz","logo":{"@type":"ImageObject","@id":"\/logo.png","url":"\/logo.png","width":600,"height":60}},"image":{"@type":"ImageObject","@id":"https:\/\/www.ceskytucnak.cz\/wp-content\/uploads\/img_a321765_w1784_t1533023204.jpg","url":"https:\/\/www.ceskytucnak.cz\/wp-content\/uploads\/img_a321765_w1784_t1533023204.jpg","height":0,"width":0},"keywords":null},{"@type":"Article","@id":"https:\/\/www.ceskytucnak.cz\/luxusni-sedaci-soupravy\/","headline":"Luxusn\u00ed sedac\u00ed soupravy","url":"https:\/\/www.ceskytucnak.cz\/luxusni-sedaci-soupravy\/","datePublished":"2017-06-23","dateModified":"2023-04-28","mainEntityOfPage":"https:\/\/www.ceskytucnak.cz\/luxusni-sedaci-soupravy\/","author":{"@type":"Person","@id":"https:\/\/www.ceskytucnak.cz\/author\/#Person","name":"","url":"https:\/\/www.ceskytucnak.cz\/author\/","identifier":1,"image":{"@type":"ImageObject","@id":"https:\/\/secure.gravatar.com\/avatar\/4c6f4cec51e1a1b20d9361c6367b917eb8db239c023f88502d2833b745a358d4?s=96&d=mm&r=g","url":"https:\/\/secure.gravatar.com\/avatar\/4c6f4cec51e1a1b20d9361c6367b917eb8db239c023f88502d2833b745a358d4?s=96&d=mm&r=g","height":96,"width":96}},"publisher":{"@type":"Organization","name":"ceskytucnak.cz","logo":{"@type":"ImageObject","@id":"\/logo.png","url":"\/logo.png","width":600,"height":60}},"image":{"@type":"ImageObject","@id":"https:\/\/www.ceskytucnak.cz\/wp-content\/uploads\/img_a290789_w1784_t1503513995.jpg","url":"https:\/\/www.ceskytucnak.cz\/wp-content\/uploads\/img_a290789_w1784_t1503513995.jpg","height":0,"width":0},"keywords":null},{"@type":"Article","@id":"https:\/\/www.ceskytucnak.cz\/jak-zaridit-maly-byt\/","headline":"Jak za\u0159\u00eddit mal\u00fd byt","url":"https:\/\/www.ceskytucnak.cz\/jak-zaridit-maly-byt\/","datePublished":"2017-03-19","dateModified":"2023-04-28","mainEntityOfPage":"https:\/\/www.ceskytucnak.cz\/jak-zaridit-maly-byt\/","author":{"@type":"Person","@id":"https:\/\/www.ceskytucnak.cz\/author\/#Person","name":"","url":"https:\/\/www.ceskytucnak.cz\/author\/","identifier":1,"image":{"@type":"ImageObject","@id":"https:\/\/secure.gravatar.com\/avatar\/4c6f4cec51e1a1b20d9361c6367b917eb8db239c023f88502d2833b745a358d4?s=96&d=mm&r=g","url":"https:\/\/secure.gravatar.com\/avatar\/4c6f4cec51e1a1b20d9361c6367b917eb8db239c023f88502d2833b745a358d4?s=96&d=mm&r=g","height":96,"width":96}},"publisher":{"@type":"Organization","name":"ceskytucnak.cz","logo":{"@type":"ImageObject","@id":"\/logo.png","url":"\/logo.png","width":600,"height":60}},"image":null,"keywords":null},{"@type":"Article","@id":"https:\/\/www.ceskytucnak.cz\/tulipanova-krize\/","headline":"Tulip\u00e1nov\u00e1 krize","url":"https:\/\/www.ceskytucnak.cz\/tulipanova-krize\/","datePublished":"2017-01-18","dateModified":"2023-04-28","mainEntityOfPage":"https:\/\/www.ceskytucnak.cz\/tulipanova-krize\/","author":{"@type":"Person","@id":"https:\/\/www.ceskytucnak.cz\/author\/#Person","name":"","url":"https:\/\/www.ceskytucnak.cz\/author\/","identifier":1,"image":{"@type":"ImageObject","@id":"https:\/\/secure.gravatar.com\/avatar\/4c6f4cec51e1a1b20d9361c6367b917eb8db239c023f88502d2833b745a358d4?s=96&d=mm&r=g","url":"https:\/\/secure.gravatar.com\/avatar\/4c6f4cec51e1a1b20d9361c6367b917eb8db239c023f88502d2833b745a358d4?s=96&d=mm&r=g","height":96,"width":96}},"publisher":{"@type":"Organization","name":"ceskytucnak.cz","logo":{"@type":"ImageObject","@id":"\/logo.png","url":"\/logo.png","width":600,"height":60}},"image":{"@type":"ImageObject","@id":"https:\/\/www.ceskytucnak.cz\/wp-content\/uploads\/img_a282672_w1784_t1601886599.jpg","url":"https:\/\/www.ceskytucnak.cz\/wp-content\/uploads\/img_a282672_w1784_t1601886599.jpg","height":0,"width":0},"keywords":null},{"@type":"Article","@id":"https:\/\/www.ceskytucnak.cz\/chcete-si-nechat-takovy-mobilheim-i-zkolaudovat-na-trvale-bydleni\/","headline":"Chcete si nechat takov\u00fd mobilheim i zkolaudovat na trval\u00e9 bydlen\u00ed?","url":"https:\/\/www.ceskytucnak.cz\/chcete-si-nechat-takovy-mobilheim-i-zkolaudovat-na-trvale-bydleni\/","datePublished":"2017-01-14","dateModified":"2023-04-28","mainEntityOfPage":"https:\/\/www.ceskytucnak.cz\/chcete-si-nechat-takovy-mobilheim-i-zkolaudovat-na-trvale-bydleni\/","author":{"@type":"Person","@id":"https:\/\/www.ceskytucnak.cz\/author\/#Person","name":"","url":"https:\/\/www.ceskytucnak.cz\/author\/","identifier":1,"image":{"@type":"ImageObject","@id":"https:\/\/secure.gravatar.com\/avatar\/4c6f4cec51e1a1b20d9361c6367b917eb8db239c023f88502d2833b745a358d4?s=96&d=mm&r=g","url":"https:\/\/secure.gravatar.com\/avatar\/4c6f4cec51e1a1b20d9361c6367b917eb8db239c023f88502d2833b745a358d4?s=96&d=mm&r=g","height":96,"width":96}},"publisher":{"@type":"Organization","name":"ceskytucnak.cz","logo":{"@type":"ImageObject","@id":"\/logo.png","url":"\/logo.png","width":600,"height":60}},"image":null,"keywords":null},{"@type":"Article","@id":"https:\/\/www.ceskytucnak.cz\/ekonomika-japonska\/","headline":"Ekonomika Japonska","url":"https:\/\/www.ceskytucnak.cz\/ekonomika-japonska\/","datePublished":"2017-01-13","dateModified":"2023-04-28","mainEntityOfPage":"https:\/\/www.ceskytucnak.cz\/ekonomika-japonska\/","author":{"@type":"Person","@id":"https:\/\/www.ceskytucnak.cz\/author\/#Person","name":"","url":"https:\/\/www.ceskytucnak.cz\/author\/","identifier":1,"image":{"@type":"ImageObject","@id":"https:\/\/secure.gravatar.com\/avatar\/4c6f4cec51e1a1b20d9361c6367b917eb8db239c023f88502d2833b745a358d4?s=96&d=mm&r=g","url":"https:\/\/secure.gravatar.com\/avatar\/4c6f4cec51e1a1b20d9361c6367b917eb8db239c023f88502d2833b745a358d4?s=96&d=mm&r=g","height":96,"width":96}},"publisher":{"@type":"Organization","name":"ceskytucnak.cz","logo":{"@type":"ImageObject","@id":"\/logo.png","url":"\/logo.png","width":600,"height":60}},"image":{"@type":"ImageObject","@id":"https:\/\/www.ceskytucnak.cz\/wp-content\/uploads\/img_a282409_w1784_t1601752282.jpg","url":"https:\/\/www.ceskytucnak.cz\/wp-content\/uploads\/img_a282409_w1784_t1601752282.jpg","height":0,"width":0},"keywords":null}]}