[{"@context":"https:\/\/schema.org\/","@type":"Article","@id":"https:\/\/www.ceskytucnak.cz\/ceka-vas-to-co-vidite-na-fotografiich\/#Article","mainEntityOfPage":"https:\/\/www.ceskytucnak.cz\/ceka-vas-to-co-vidite-na-fotografiich\/","headline":"\u010cek\u00e1 v\u00e1s to, co vid\u00edte na fotografi\u00edch","name":"\u010cek\u00e1 v\u00e1s to, co vid\u00edte na fotografi\u00edch","description":"\u017d\u00e1dn\u00e9 nemil\u00e9 p\u0159ekvapen\u00ed Dovolen\u00e1 je to na co se ka\u017ed\u00fd z n\u00e1s po cel\u00fd rok t\u011b\u0161\u00ed a p\u0159em\u00fd\u0161l\u00ed jak si ji co nejl\u00e9pe u\u017e\u00edt.Chorvatsko ubytov\u00e1n\u00ed je zaru\u010den\u011b dobr\u00fd v\u00fdb\u011br. Poznejte p\u0159\u00e1telskou atmosf\u00e9ru, nedot\u010denou p\u0159\u00edrodu a azurov\u00e9 mo\u0159e. Budete mile pot\u011b\u0161eni. Dop\u0159ejte si kr\u00e1snou dovolenou V ka\u017ed\u00e9m letovisku nab\u00edz\u00ed Chorvatsko ubytov\u00e1n\u00ed...","datePublished":"2025-01-04","dateModified":"2025-01-04","author":{"@type":"Person","@id":"https:\/\/www.ceskytucnak.cz\/author\/#Person","name":"","url":"https:\/\/www.ceskytucnak.cz\/author\/","identifier":1,"image":{"@type":"ImageObject","@id":"https:\/\/secure.gravatar.com\/avatar\/4c6f4cec51e1a1b20d9361c6367b917eb8db239c023f88502d2833b745a358d4?s=96&d=mm&r=g","url":"https:\/\/secure.gravatar.com\/avatar\/4c6f4cec51e1a1b20d9361c6367b917eb8db239c023f88502d2833b745a358d4?s=96&d=mm&r=g","height":96,"width":96}},"publisher":{"@type":"Organization","name":"ceskytucnak.cz","logo":{"@type":"ImageObject","@id":"\/logo.png","url":"\/logo.png","width":600,"height":60}},"url":"https:\/\/www.ceskytucnak.cz\/ceka-vas-to-co-vidite-na-fotografiich\/","wordCount":179,"articleBody":" \u017d\u00e1dn\u00e9 nemil\u00e9 p\u0159ekvapen\u00ed Dovolen\u00e1 je to na co se ka\u017ed\u00fd z n\u00e1s po cel\u00fd rok t\u011b\u0161\u00ed a p\u0159em\u00fd\u0161l\u00ed jak si ji co nejl\u00e9pe u\u017e\u00edt.Chorvatsko ubytov\u00e1n\u00ed je zaru\u010den\u011b dobr\u00fd v\u00fdb\u011br. Poznejte p\u0159\u00e1telskou atmosf\u00e9ru, nedot\u010denou p\u0159\u00edrodu a azurov\u00e9 mo\u0159e. Budete mile pot\u011b\u0161eni. Dop\u0159ejte si kr\u00e1snou dovolenou V ka\u017ed\u00e9m letovisku nab\u00edz\u00ed Chorvatsko ubytov\u00e1n\u00ed 30-70 apartm\u00e1n\u016f, kter\u00e9 le\u017e\u00ed u mo\u0159e a jsou pln\u011b vybaveni v\u0161\u00edm co ke sv\u00e9 dovolen\u00e9 budete pot\u0159ebovat. U\u017eijte si dovolenou v soukrom\u00ed, spolu s rodinou, p\u0159\u00e1teli, \u010di bl\u00edzk\u00fdmi. \u010cist\u00e9 mo\u0159e \u010cist\u00e9 mo\u0159e je z\u00e1klad a to v Chorvatsku zajist\u00e9 najdete, py\u0161n\u00ed se n\u00e1dhernou azurovou barvou, jen t\u011b\u017eko se v\u00e1m z n\u011bj bude odch\u00e1zet. M\u016f\u017eete se i po mo\u0159i projet na na\u0161ich motorov\u00fdch \u010dlunech, kter\u00e9 v\u00e1m na po\u017e\u00e1d\u00e1n\u00ed zap\u016fj\u010d\u00edme. Chorvatsko ubytov\u00e1n\u00ed, ta prav\u00e1 dovolen\u00e1 pro v\u00e1s.                                                                                                                                                                                                                                                                                                                                                                                        4.5\/5 - (2 votes)        "},{"@context":"https:\/\/schema.org\/","@type":"BreadcrumbList","itemListElement":[{"@type":"ListItem","position":1,"name":"\u010cek\u00e1 v\u00e1s to, co vid\u00edte na fotografi\u00edch","item":"https:\/\/www.ceskytucnak.cz\/ceka-vas-to-co-vidite-na-fotografiich\/#breadcrumbitem"}]}]